{"id":406,"date":"2026-04-25T09:18:37","date_gmt":"2026-04-25T07:18:37","guid":{"rendered":"https:\/\/rzecznikpolski.pl\/?p=406"},"modified":"2026-04-25T09:20:30","modified_gmt":"2026-04-25T07:20:30","slug":"zimny-prysznic-z-waszyngtonu-pete-hegseth-strofuje-europe-a-bialy-dom-odpowiada-tuskowi","status":"publish","type":"post","link":"https:\/\/rzecznikpolski.pl\/?p=406","title":{"rendered":"Zimny prysznic z Waszyngtonu: Pete Hegseth strofuje Europ\u0119, a Bia\u0142y Dom odpowiada Tuskowi"},"content":{"rendered":"\n<p><strong>Relacje na linii Waszyngton\u2013Bruksela wchodz\u0105 w faz\u0119 otwartej, ostrej wymiany zda\u0144. Podczas gdy europejscy przyw\u00f3dcy pr\u00f3buj\u0105 zacie\u015bnia\u0107 wsp\u00f3\u0142prac\u0119 obronn\u0105, zza oceanu p\u0142yn\u0105 s\u0142owa surowej krytyki. W centrum dyplomatycznej burzy znalaz\u0142 si\u0119 szef Pentagonu Pete Hegseth oraz premier RP Donald Tusk, kt\u00f3rego g\u0142o\u015bny wywiad dla \u201eFinancial Times\u201d wywo\u0142a\u0142 bezpo\u015bredni\u0105 reakcj\u0119 Bia\u0142ego Domu.<\/strong><\/p>\n\n\n\n<hr class=\"wp-block-separator has-alpha-channel-opacity is-style-wide\"\/>\n\n\n\n<h4 class=\"wp-block-heading\">Hegseth bez dyplomatycznych ogr\u00f3dek: \u201eEuropa musi dorosn\u0105\u0107\u201d<\/h4>\n\n\n\n<p>Zgodnie z najnowszymi relacjami, prawdziw\u0105 burz\u0119 wywo\u0142a\u0142o wczorajsze wyst\u0105pienie Pete&#8217;a Hegsetha. Kluczowy polityk w administracji Donalda Trumpa, znany z bezkompromisowego j\u0119zyka, nie szcz\u0119dzi\u0142 starym sojusznikom gorzkich s\u0142\u00f3w podczas sympozjum o bezpiecze\u0144stwie globalnym.<\/p>\n\n\n\n<ul class=\"wp-block-list\">\n<li><strong>Zarzut \u201epasa\u017cera na gap\u0119\u201d:<\/strong>&nbsp;Hegseth stwierdzi\u0142 wprost, \u017ce Stany Zjednoczone s\u0105 zm\u0119czone pe\u0142nieniem roli \u201eochroniarza dla kontynentu, kt\u00f3ry woli wydawa\u0107 na programy socjalne ni\u017c na amunicj\u0119\u201d.<\/li>\n\n\n\n<li><strong>Kwestia PKB:<\/strong>&nbsp;Cho\u0107 wiele pa\u0144stw NATO przekroczy\u0142o pr\u00f3g 2% PKB na obronno\u015b\u0107, otoczenie prezydenta USA uwa\u017ca to za dalece niewystarczaj\u0105ce w obliczu zagro\u017ce\u0144 ze strony Rosji i sytuacji na Bliskim Wschodzie. Pad\u0142y sugestie, \u017ce nowym minimum powinno by\u0107 3%.<\/li>\n\n\n\n<li><strong>Brak twardej si\u0142y:<\/strong>&nbsp;Hegseth oceni\u0142 europejskie inicjatywy zbrojeniowe jako \u201epapierowe projekty\u201d, kt\u00f3rym brakuje realnych zdolno\u015bci operacyjnych i woli walki.<\/li>\n<\/ul>\n\n\n\n<hr class=\"wp-block-separator has-alpha-channel-opacity\"\/>\n\n\n\n<h4 class=\"wp-block-heading\">Echa wywiadu Donalda Tuska dla \u201eFinancial Times\u201d<\/h4>\n\n\n\n<p>S\u0142owa Hegsetha zbieg\u0142y si\u0119 w czasie z publikacj\u0105 szeroko komentowanego wywiadu, jakiego premier Donald Tusk udzieli\u0142 brytyjskiemu dziennikowi \u201eFinancial Times\u201d. Polski premier zaprezentowa\u0142 w nim wizj\u0119 Europy, kt\u00f3ra musi przygotowa\u0107 si\u0119 na ka\u017cdy scenariusz \u2013 w tym na ewentualne os\u0142abienie ameryka\u0144skiego parasola ochronnego.<\/p>\n\n\n\n<p><strong>Tusk po raz kolejny u\u017cy\u0142 retoryki \u201eepoki przedwojennej\u201d, apeluj\u0105c o:<\/strong><\/p>\n\n\n\n<ul class=\"wp-block-list\">\n<li>Budow\u0119 wsp\u00f3lnej, europejskiej tarczy antyrakietowej.<\/li>\n\n\n\n<li>Zwi\u0119kszenie niezale\u017cno\u015bci przemys\u0142u zbrojeniowego UE.<\/li>\n\n\n\n<li>Konieczno\u015b\u0107 wyj\u015bcia z geopolitycznego letargu, bez wzgl\u0119du na to, kto urz\u0119duje w Gabinecie Owalnym.<\/li>\n<\/ul>\n\n\n\n<hr class=\"wp-block-separator has-alpha-channel-opacity\"\/>\n\n\n\n<h4 class=\"wp-block-heading\">Oficjalna reakcja Bia\u0142ego Domu<\/h4>\n\n\n\n<p>Ameryka\u0144ska administracja nie pozostawi\u0142a s\u0142\u00f3w polskiego premiera bez odpowiedzi. Podczas niedawnego briefingu prasowego w Waszyngtonie, rzeczniczka Bia\u0142ego Domu odnios\u0142a si\u0119 bezpo\u015brednio do wywiadu w \u201eFT\u201d.<\/p>\n\n\n\n<p>Komunikat mia\u0142 s\u0142odko-gorzki charakter. Z jednej strony Waszyngton pochwali\u0142 Polsk\u0119, nazywaj\u0105c j\u0105 \u201ewzorem do na\u015bladowania\u201d w kwestii modernizacji armii i wydatk\u00f3w na obronno\u015b\u0107 (kt\u00f3re w Polsce zbli\u017caj\u0105 si\u0119 do 5% PKB). Z drugiej jednak strony, administracja USA ch\u0142odno odnios\u0142a si\u0119 do koncepcji \u201estrategicznej autonomii Europy\u201d, przypominaj\u0105c, \u017ce to NATO \u2013 z dominuj\u0105c\u0105 rol\u0105 Stan\u00f3w Zjednoczonych \u2013 pozostaje jedynym realnym gwarantem bezpiecze\u0144stwa, a europejskie inicjatywy nie powinny dublowa\u0107 struktur Sojuszu.<\/p>\n","protected":false},"excerpt":{"rendered":"<p>Relacje na linii Waszyngton\u2013Bruksela wchodz\u0105 w faz\u0119 otwartej, ostrej wymiany zda\u0144. Podczas gdy europejscy przyw\u00f3dcy pr\u00f3buj\u0105 zacie\u015bnia\u0107 wsp\u00f3\u0142prac\u0119 obronn\u0105, zza oceanu p\u0142yn\u0105 s\u0142owa surowej krytyki.<\/p>\n","protected":false},"author":2,"featured_media":407,"comment_status":"open","ping_status":"open","sticky":false,"template":"","format":"standard","meta":{"footnotes":"","jetpack_publicize_message":"","jetpack_publicize_feature_enabled":true,"jetpack_social_post_already_shared":true,"jetpack_social_options":{"image_generator_settings":{"template":"highway","default_image_id":0,"font":"","enabled":false},"version":2}},"categories":[7,13],"tags":[94,32,79,95,96,93,97,98,34],"class_list":["post-406","post","type-post","status-publish","format-standard","has-post-thumbnail","hentry","category-polityka","category-wiadomosci","tag-bialy-dom","tag-donald-trump","tag-donald-tusk","tag-financial-times","tag-pete-hegseth","tag-polska","tag-premier","tag-relacje-polsko-amerykanskie","tag-usa"],"yoast_head":"<!-- This site is optimized with the Yoast SEO plugin v25.4 - https:\/\/yoast.com\/wordpress\/plugins\/seo\/ -->\n<title>Zimny prysznic z Waszyngtonu: Pete Hegseth strofuje Europ\u0119, a Bia\u0142y Dom odpowiada Tuskowi - RZECZNIK POLSKI<\/title>\n<meta name=\"robots\" content=\"index, follow, max-snippet:-1, max-image-preview:large, max-video-preview:-1\" \/>\n<link rel=\"canonical\" href=\"https:\/\/rzecznikpolski.pl\/?p=406\" \/>\n<meta property=\"og:locale\" content=\"pl_PL\" \/>\n<meta property=\"og:type\" content=\"article\" \/>\n<meta property=\"og:title\" content=\"Zimny prysznic z Waszyngtonu: Pete Hegseth strofuje Europ\u0119, a Bia\u0142y Dom odpowiada Tuskowi - RZECZNIK POLSKI\" \/>\n<meta property=\"og:description\" content=\"Relacje na linii Waszyngton\u2013Bruksela wchodz\u0105 w faz\u0119 otwartej, ostrej wymiany zda\u0144. Podczas gdy europejscy przyw\u00f3dcy pr\u00f3buj\u0105 zacie\u015bnia\u0107 wsp\u00f3\u0142prac\u0119 obronn\u0105, zza oceanu p\u0142yn\u0105 s\u0142owa surowej krytyki.\" \/>\n<meta property=\"og:url\" content=\"https:\/\/rzecznikpolski.pl\/?p=406\" \/>\n<meta property=\"og:site_name\" content=\"RZECZNIK POLSKI\" \/>\n<meta property=\"article:publisher\" content=\"https:\/\/www.facebook.com\/RzecznikPolski\/\" \/>\n<meta property=\"article:published_time\" content=\"2026-04-25T07:18:37+00:00\" \/>\n<meta property=\"article:modified_time\" content=\"2026-04-25T07:20:30+00:00\" \/>\n<meta property=\"og:image\" content=\"https:\/\/rzecznikpolski.pl\/wp-content\/uploads\/2026\/04\/12019-pentagon-80394_1920.jpg\" \/>\n\t<meta property=\"og:image:width\" content=\"1920\" \/>\n\t<meta property=\"og:image:height\" content=\"1251\" \/>\n\t<meta property=\"og:image:type\" content=\"image\/jpeg\" \/>\n<meta name=\"author\" content=\"RZECZNIK POLSKI\" \/>\n<meta name=\"twitter:card\" content=\"summary_large_image\" \/>\n<meta name=\"twitter:creator\" content=\"@RzecznikPolski\" \/>\n<meta name=\"twitter:site\" content=\"@RzecznikPolski\" \/>\n<meta name=\"twitter:label1\" content=\"Napisane przez\" \/>\n\t<meta name=\"twitter:data1\" content=\"RZECZNIK POLSKI\" \/>\n\t<meta name=\"twitter:label2\" content=\"Szacowany czas czytania\" \/>\n\t<meta name=\"twitter:data2\" content=\"3 minuty\" \/>\n<script type=\"application\/ld+json\" class=\"yoast-schema-graph\">{\"@context\":\"https:\/\/schema.org\",\"@graph\":[{\"@type\":\"Article\",\"@id\":\"https:\/\/rzecznikpolski.pl\/?p=406#article\",\"isPartOf\":{\"@id\":\"https:\/\/rzecznikpolski.pl\/?p=406\"},\"author\":{\"name\":\"RZECZNIK POLSKI\",\"@id\":\"https:\/\/rzecznikpolski.pl\/#\/schema\/person\/02984a7de150ad1a402b2846856cb54a\"},\"headline\":\"Zimny prysznic z Waszyngtonu: Pete Hegseth strofuje Europ\u0119, a Bia\u0142y Dom odpowiada Tuskowi\",\"datePublished\":\"2026-04-25T07:18:37+00:00\",\"dateModified\":\"2026-04-25T07:20:30+00:00\",\"mainEntityOfPage\":{\"@id\":\"https:\/\/rzecznikpolski.pl\/?p=406\"},\"wordCount\":438,\"commentCount\":0,\"publisher\":{\"@id\":\"https:\/\/rzecznikpolski.pl\/#organization\"},\"image\":{\"@id\":\"https:\/\/rzecznikpolski.pl\/?p=406#primaryimage\"},\"thumbnailUrl\":\"https:\/\/rzecznikpolski.pl\/wp-content\/uploads\/2026\/04\/12019-pentagon-80394_1920.jpg\",\"keywords\":[\"Bia\u0142y dom\",\"Donald Trump\",\"Donald Tusk\",\"Financial Times\",\"Pete Hegseth\",\"Polska\",\"Premier\",\"Relacje polsko ameryka\u0144skie\",\"USA\"],\"articleSection\":[\"POLITYKA\",\"WIADOMO\u015aCI\"],\"inLanguage\":\"pl-PL\",\"potentialAction\":[{\"@type\":\"CommentAction\",\"name\":\"Comment\",\"target\":[\"https:\/\/rzecznikpolski.pl\/?p=406#respond\"]}]},{\"@type\":\"WebPage\",\"@id\":\"https:\/\/rzecznikpolski.pl\/?p=406\",\"url\":\"https:\/\/rzecznikpolski.pl\/?p=406\",\"name\":\"Zimny prysznic z Waszyngtonu: Pete Hegseth strofuje Europ\u0119, a Bia\u0142y Dom odpowiada Tuskowi - RZECZNIK POLSKI\",\"isPartOf\":{\"@id\":\"https:\/\/rzecznikpolski.pl\/#website\"},\"primaryImageOfPage\":{\"@id\":\"https:\/\/rzecznikpolski.pl\/?p=406#primaryimage\"},\"image\":{\"@id\":\"https:\/\/rzecznikpolski.pl\/?p=406#primaryimage\"},\"thumbnailUrl\":\"https:\/\/rzecznikpolski.pl\/wp-content\/uploads\/2026\/04\/12019-pentagon-80394_1920.jpg\",\"datePublished\":\"2026-04-25T07:18:37+00:00\",\"dateModified\":\"2026-04-25T07:20:30+00:00\",\"breadcrumb\":{\"@id\":\"https:\/\/rzecznikpolski.pl\/?p=406#breadcrumb\"},\"inLanguage\":\"pl-PL\",\"potentialAction\":[{\"@type\":\"ReadAction\",\"target\":[\"https:\/\/rzecznikpolski.pl\/?p=406\"]}]},{\"@type\":\"ImageObject\",\"inLanguage\":\"pl-PL\",\"@id\":\"https:\/\/rzecznikpolski.pl\/?p=406#primaryimage\",\"url\":\"https:\/\/rzecznikpolski.pl\/wp-content\/uploads\/2026\/04\/12019-pentagon-80394_1920.jpg\",\"contentUrl\":\"https:\/\/rzecznikpolski.pl\/wp-content\/uploads\/2026\/04\/12019-pentagon-80394_1920.jpg\",\"width\":1920,\"height\":1251},{\"@type\":\"BreadcrumbList\",\"@id\":\"https:\/\/rzecznikpolski.pl\/?p=406#breadcrumb\",\"itemListElement\":[{\"@type\":\"ListItem\",\"position\":1,\"name\":\"Home\",\"item\":\"https:\/\/rzecznikpolski.pl\/\"},{\"@type\":\"ListItem\",\"position\":2,\"name\":\"Zimny prysznic z Waszyngtonu: Pete Hegseth strofuje Europ\u0119, a Bia\u0142y Dom odpowiada Tuskowi\"}]},{\"@type\":\"WebSite\",\"@id\":\"https:\/\/rzecznikpolski.pl\/#website\",\"url\":\"https:\/\/rzecznikpolski.pl\/\",\"name\":\"RZECZNIK POLSKI\",\"description\":\"Niezale\u017cne media\",\"publisher\":{\"@id\":\"https:\/\/rzecznikpolski.pl\/#organization\"},\"potentialAction\":[{\"@type\":\"SearchAction\",\"target\":{\"@type\":\"EntryPoint\",\"urlTemplate\":\"https:\/\/rzecznikpolski.pl\/?s={search_term_string}\"},\"query-input\":{\"@type\":\"PropertyValueSpecification\",\"valueRequired\":true,\"valueName\":\"search_term_string\"}}],\"inLanguage\":\"pl-PL\"},{\"@type\":\"Organization\",\"@id\":\"https:\/\/rzecznikpolski.pl\/#organization\",\"name\":\"RZECZNIK POLSKI\",\"url\":\"https:\/\/rzecznikpolski.pl\/\",\"logo\":{\"@type\":\"ImageObject\",\"inLanguage\":\"pl-PL\",\"@id\":\"https:\/\/rzecznikpolski.pl\/#\/schema\/logo\/image\/\",\"url\":\"https:\/\/rzecznikpolski.pl\/wp-content\/uploads\/2026\/02\/logo3.png\",\"contentUrl\":\"https:\/\/rzecznikpolski.pl\/wp-content\/uploads\/2026\/02\/logo3.png\",\"width\":256,\"height\":256,\"caption\":\"RZECZNIK POLSKI\"},\"image\":{\"@id\":\"https:\/\/rzecznikpolski.pl\/#\/schema\/logo\/image\/\"},\"sameAs\":[\"https:\/\/www.facebook.com\/RzecznikPolski\/\",\"https:\/\/x.com\/RzecznikPolski\"]},{\"@type\":\"Person\",\"@id\":\"https:\/\/rzecznikpolski.pl\/#\/schema\/person\/02984a7de150ad1a402b2846856cb54a\",\"name\":\"RZECZNIK POLSKI\",\"image\":{\"@type\":\"ImageObject\",\"inLanguage\":\"pl-PL\",\"@id\":\"https:\/\/rzecznikpolski.pl\/#\/schema\/person\/image\/\",\"url\":\"https:\/\/secure.gravatar.com\/avatar\/81951bfa24c6705fbee074610a503b4b6dd81395fbdd8707072af09447c0f0a3?s=96&d=mm&r=g\",\"contentUrl\":\"https:\/\/secure.gravatar.com\/avatar\/81951bfa24c6705fbee074610a503b4b6dd81395fbdd8707072af09447c0f0a3?s=96&d=mm&r=g\",\"caption\":\"RZECZNIK POLSKI\"},\"description\":\"Redaktor Naczelny Rzecznika Polskiego.\",\"sameAs\":[\"http:\/\/rzecznikpolski.pl\"],\"url\":\"https:\/\/rzecznikpolski.pl\/?author=2\"}]}<\/script>\n<!-- \/ Yoast SEO plugin. -->","yoast_head_json":{"title":"Zimny prysznic z Waszyngtonu: Pete Hegseth strofuje Europ\u0119, a Bia\u0142y Dom odpowiada Tuskowi - RZECZNIK POLSKI","robots":{"index":"index","follow":"follow","max-snippet":"max-snippet:-1","max-image-preview":"max-image-preview:large","max-video-preview":"max-video-preview:-1"},"canonical":"https:\/\/rzecznikpolski.pl\/?p=406","og_locale":"pl_PL","og_type":"article","og_title":"Zimny prysznic z Waszyngtonu: Pete Hegseth strofuje Europ\u0119, a Bia\u0142y Dom odpowiada Tuskowi - RZECZNIK POLSKI","og_description":"Relacje na linii Waszyngton\u2013Bruksela wchodz\u0105 w faz\u0119 otwartej, ostrej wymiany zda\u0144. Podczas gdy europejscy przyw\u00f3dcy pr\u00f3buj\u0105 zacie\u015bnia\u0107 wsp\u00f3\u0142prac\u0119 obronn\u0105, zza oceanu p\u0142yn\u0105 s\u0142owa surowej krytyki.","og_url":"https:\/\/rzecznikpolski.pl\/?p=406","og_site_name":"RZECZNIK POLSKI","article_publisher":"https:\/\/www.facebook.com\/RzecznikPolski\/","article_published_time":"2026-04-25T07:18:37+00:00","article_modified_time":"2026-04-25T07:20:30+00:00","og_image":[{"width":1920,"height":1251,"url":"https:\/\/rzecznikpolski.pl\/wp-content\/uploads\/2026\/04\/12019-pentagon-80394_1920.jpg","type":"image\/jpeg"}],"author":"RZECZNIK POLSKI","twitter_card":"summary_large_image","twitter_creator":"@RzecznikPolski","twitter_site":"@RzecznikPolski","twitter_misc":{"Napisane przez":"RZECZNIK POLSKI","Szacowany czas czytania":"3 minuty"},"schema":{"@context":"https:\/\/schema.org","@graph":[{"@type":"Article","@id":"https:\/\/rzecznikpolski.pl\/?p=406#article","isPartOf":{"@id":"https:\/\/rzecznikpolski.pl\/?p=406"},"author":{"name":"RZECZNIK POLSKI","@id":"https:\/\/rzecznikpolski.pl\/#\/schema\/person\/02984a7de150ad1a402b2846856cb54a"},"headline":"Zimny prysznic z Waszyngtonu: Pete Hegseth strofuje Europ\u0119, a Bia\u0142y Dom odpowiada Tuskowi","datePublished":"2026-04-25T07:18:37+00:00","dateModified":"2026-04-25T07:20:30+00:00","mainEntityOfPage":{"@id":"https:\/\/rzecznikpolski.pl\/?p=406"},"wordCount":438,"commentCount":0,"publisher":{"@id":"https:\/\/rzecznikpolski.pl\/#organization"},"image":{"@id":"https:\/\/rzecznikpolski.pl\/?p=406#primaryimage"},"thumbnailUrl":"https:\/\/rzecznikpolski.pl\/wp-content\/uploads\/2026\/04\/12019-pentagon-80394_1920.jpg","keywords":["Bia\u0142y dom","Donald Trump","Donald Tusk","Financial Times","Pete Hegseth","Polska","Premier","Relacje polsko ameryka\u0144skie","USA"],"articleSection":["POLITYKA","WIADOMO\u015aCI"],"inLanguage":"pl-PL","potentialAction":[{"@type":"CommentAction","name":"Comment","target":["https:\/\/rzecznikpolski.pl\/?p=406#respond"]}]},{"@type":"WebPage","@id":"https:\/\/rzecznikpolski.pl\/?p=406","url":"https:\/\/rzecznikpolski.pl\/?p=406","name":"Zimny prysznic z Waszyngtonu: Pete Hegseth strofuje Europ\u0119, a Bia\u0142y Dom odpowiada Tuskowi - RZECZNIK POLSKI","isPartOf":{"@id":"https:\/\/rzecznikpolski.pl\/#website"},"primaryImageOfPage":{"@id":"https:\/\/rzecznikpolski.pl\/?p=406#primaryimage"},"image":{"@id":"https:\/\/rzecznikpolski.pl\/?p=406#primaryimage"},"thumbnailUrl":"https:\/\/rzecznikpolski.pl\/wp-content\/uploads\/2026\/04\/12019-pentagon-80394_1920.jpg","datePublished":"2026-04-25T07:18:37+00:00","dateModified":"2026-04-25T07:20:30+00:00","breadcrumb":{"@id":"https:\/\/rzecznikpolski.pl\/?p=406#breadcrumb"},"inLanguage":"pl-PL","potentialAction":[{"@type":"ReadAction","target":["https:\/\/rzecznikpolski.pl\/?p=406"]}]},{"@type":"ImageObject","inLanguage":"pl-PL","@id":"https:\/\/rzecznikpolski.pl\/?p=406#primaryimage","url":"https:\/\/rzecznikpolski.pl\/wp-content\/uploads\/2026\/04\/12019-pentagon-80394_1920.jpg","contentUrl":"https:\/\/rzecznikpolski.pl\/wp-content\/uploads\/2026\/04\/12019-pentagon-80394_1920.jpg","width":1920,"height":1251},{"@type":"BreadcrumbList","@id":"https:\/\/rzecznikpolski.pl\/?p=406#breadcrumb","itemListElement":[{"@type":"ListItem","position":1,"name":"Home","item":"https:\/\/rzecznikpolski.pl\/"},{"@type":"ListItem","position":2,"name":"Zimny prysznic z Waszyngtonu: Pete Hegseth strofuje Europ\u0119, a Bia\u0142y Dom odpowiada Tuskowi"}]},{"@type":"WebSite","@id":"https:\/\/rzecznikpolski.pl\/#website","url":"https:\/\/rzecznikpolski.pl\/","name":"RZECZNIK POLSKI","description":"Niezale\u017cne media","publisher":{"@id":"https:\/\/rzecznikpolski.pl\/#organization"},"potentialAction":[{"@type":"SearchAction","target":{"@type":"EntryPoint","urlTemplate":"https:\/\/rzecznikpolski.pl\/?s={search_term_string}"},"query-input":{"@type":"PropertyValueSpecification","valueRequired":true,"valueName":"search_term_string"}}],"inLanguage":"pl-PL"},{"@type":"Organization","@id":"https:\/\/rzecznikpolski.pl\/#organization","name":"RZECZNIK POLSKI","url":"https:\/\/rzecznikpolski.pl\/","logo":{"@type":"ImageObject","inLanguage":"pl-PL","@id":"https:\/\/rzecznikpolski.pl\/#\/schema\/logo\/image\/","url":"https:\/\/rzecznikpolski.pl\/wp-content\/uploads\/2026\/02\/logo3.png","contentUrl":"https:\/\/rzecznikpolski.pl\/wp-content\/uploads\/2026\/02\/logo3.png","width":256,"height":256,"caption":"RZECZNIK POLSKI"},"image":{"@id":"https:\/\/rzecznikpolski.pl\/#\/schema\/logo\/image\/"},"sameAs":["https:\/\/www.facebook.com\/RzecznikPolski\/","https:\/\/x.com\/RzecznikPolski"]},{"@type":"Person","@id":"https:\/\/rzecznikpolski.pl\/#\/schema\/person\/02984a7de150ad1a402b2846856cb54a","name":"RZECZNIK POLSKI","image":{"@type":"ImageObject","inLanguage":"pl-PL","@id":"https:\/\/rzecznikpolski.pl\/#\/schema\/person\/image\/","url":"https:\/\/secure.gravatar.com\/avatar\/81951bfa24c6705fbee074610a503b4b6dd81395fbdd8707072af09447c0f0a3?s=96&d=mm&r=g","contentUrl":"https:\/\/secure.gravatar.com\/avatar\/81951bfa24c6705fbee074610a503b4b6dd81395fbdd8707072af09447c0f0a3?s=96&d=mm&r=g","caption":"RZECZNIK POLSKI"},"description":"Redaktor Naczelny Rzecznika Polskiego.","sameAs":["http:\/\/rzecznikpolski.pl"],"url":"https:\/\/rzecznikpolski.pl\/?author=2"}]}},"jetpack_publicize_connections":[],"_links":{"self":[{"href":"https:\/\/rzecznikpolski.pl\/index.php?rest_route=\/wp\/v2\/posts\/406","targetHints":{"allow":["GET"]}}],"collection":[{"href":"https:\/\/rzecznikpolski.pl\/index.php?rest_route=\/wp\/v2\/posts"}],"about":[{"href":"https:\/\/rzecznikpolski.pl\/index.php?rest_route=\/wp\/v2\/types\/post"}],"author":[{"embeddable":true,"href":"https:\/\/rzecznikpolski.pl\/index.php?rest_route=\/wp\/v2\/users\/2"}],"replies":[{"embeddable":true,"href":"https:\/\/rzecznikpolski.pl\/index.php?rest_route=%2Fwp%2Fv2%2Fcomments&post=406"}],"version-history":[{"count":3,"href":"https:\/\/rzecznikpolski.pl\/index.php?rest_route=\/wp\/v2\/posts\/406\/revisions"}],"predecessor-version":[{"id":410,"href":"https:\/\/rzecznikpolski.pl\/index.php?rest_route=\/wp\/v2\/posts\/406\/revisions\/410"}],"wp:featuredmedia":[{"embeddable":true,"href":"https:\/\/rzecznikpolski.pl\/index.php?rest_route=\/wp\/v2\/media\/407"}],"wp:attachment":[{"href":"https:\/\/rzecznikpolski.pl\/index.php?rest_route=%2Fwp%2Fv2%2Fmedia&parent=406"}],"wp:term":[{"taxonomy":"category","embeddable":true,"href":"https:\/\/rzecznikpolski.pl\/index.php?rest_route=%2Fwp%2Fv2%2Fcategories&post=406"},{"taxonomy":"post_tag","embeddable":true,"href":"https:\/\/rzecznikpolski.pl\/index.php?rest_route=%2Fwp%2Fv2%2Ftags&post=406"}],"curies":[{"name":"wp","href":"https:\/\/api.w.org\/{rel}","templated":true}]}}