{"id":402,"date":"2026-04-20T20:56:53","date_gmt":"2026-04-20T18:56:53","guid":{"rendered":"https:\/\/rzecznikpolski.pl\/?p=402"},"modified":"2026-04-20T20:56:57","modified_gmt":"2026-04-20T18:56:57","slug":"historyczny-szczyt-w-gdansku-tusk-i-macron-o-bezpieczenstwie-atomie-i-nowej-erze-w-europie","status":"publish","type":"post","link":"https:\/\/rzecznikpolski.pl\/?p=402","title":{"rendered":"Historyczny szczyt w Gda\u0144sku: Tusk i Macron o bezpiecze\u0144stwie, atomie i nowej erze w Europie"},"content":{"rendered":"\n<p><strong>W poniedzia\u0142ek, 20 kwietnia 2026 r., Gda\u0144sk sta\u0142 si\u0119 centrum europejskiej dyplomacji. Z okazji Dnia Przyja\u017ani Polsko-Francuskiej odby\u0142 si\u0119 tu I Polsko-Francuski Szczyt Mi\u0119dzyrz\u0105dowy. Premier Donald Tusk oraz prezydent Francji Emmanuel Macron dyskutowali o architekturze obronnej, inwestycjach w energetyk\u0119 j\u0105drow\u0105 oraz nowym uk\u0142adzie si\u0142 politycznych w regionie.<\/strong><\/p>\n\n\n\n<hr class=\"wp-block-separator has-alpha-channel-opacity is-style-wide\"\/>\n\n\n\n<h3 class=\"wp-block-heading\">\ud83d\udee1\ufe0f Bezpiecze\u0144stwo i twarde interesy<\/h3>\n\n\n\n<p>Szczyt w Gda\u0144sku to bezpo\u015brednia realizacja zapis\u00f3w&nbsp;<strong>Traktatu z Nancy<\/strong>&nbsp;(o wzmocnionej wsp\u00f3\u0142pracy i przyja\u017ani), podpisanego mi\u0119dzy oboma krajami 9 maja 2025 roku. Jak analizuj\u0105 portale gospodarcze, rozmowy w Dworze Uphagena i podczas sesji plenarnych opiera\u0142y si\u0119 na konkretach:<\/p>\n\n\n\n<ul class=\"wp-block-list\">\n<li><strong>Przemys\u0142 zbrojeniowy:<\/strong>\u00a0W spotkaniach uczestniczy\u0142 m.in. wicepremier i szef MON W\u0142adys\u0142aw Kosiniak-Kamysz. Tematem wiod\u0105cym by\u0142a wsp\u00f3\u0142praca w zakresie technologii podw\u00f3jnego zastosowania oraz gwarancje bezpiecze\u0144stwa w obliczu zagro\u017ce\u0144 hybrydowych.<\/li>\n\n\n\n<li><strong>Energetyka j\u0105drowa:<\/strong>\u00a0Dla Pary\u017ca priorytetem jest zaanga\u017cowanie w polsk\u0105 transformacj\u0119 energetyczn\u0105. Francuski koncern EDF intensyfikuje swoje starania o wielomiliardowy kontrakt na budow\u0119 drugiej polskiej elektrowni j\u0105drowej.<\/li>\n<\/ul>\n\n\n\n<p>Podczas popo\u0142udniowej konferencji prasowej w Dworze Artusa Donald Tusk jednoznacznie odni\u00f3s\u0142 si\u0119 do sytuacji geopolitycznej:<\/p>\n\n\n\n<blockquote class=\"wp-block-quote is-layout-flow wp-block-quote-is-layout-flow\">\n<p><em>&#8222;Z Francj\u0105 nie mamy z\u0142udze\u0144 co do tego, \u017ce \u015bwiat si\u0119 zmieni\u0142 i Europa potrzebuje maksymalnej jedno\u015bci&#8221;<\/em>.<\/p>\n<\/blockquote>\n\n\n\n<hr class=\"wp-block-separator has-alpha-channel-opacity\"\/>\n\n\n\n<h3 class=\"wp-block-heading\">\ud83e\udd1d T\u0142umy na D\u0142ugiej i ukrai\u0144skie &#8222;Diakuju&#8221;<\/h3>\n\n\n\n<p>Wizyta francuskiej g\u0142owy pa\u0144stwa mia\u0142a niezwykle otwarty charakter. Po porannej wizycie Emmanuela Macrona na Wojskowym Cmentarzu Francuskim, premier Donald Tusk powita\u0142 go przy Z\u0142otej Bramie. Obaj politycy zatrzymali si\u0119 najpierw przed tablic\u0105 upami\u0119tniaj\u0105c\u0105 zamordowanego prezydenta Gda\u0144ska, Paw\u0142a Adamowicza.<\/p>\n\n\n\n<p>Spacer ulic\u0105 D\u0142ug\u0105 przyci\u0105gn\u0105\u0142 t\u0142umy mieszka\u0144c\u00f3w i turyst\u00f3w. Donald Tusk, zwracaj\u0105c si\u0119 do Macrona na konferencji, podkre\u015bli\u0142 serdeczno\u015b\u0107 tego powitania. Opowiedzia\u0142 r\u00f3wnie\u017c o sytuacji, kt\u00f3ra najbardziej zapad\u0142a im w pami\u0119\u0107:<\/p>\n\n\n\n<blockquote class=\"wp-block-quote is-layout-flow wp-block-quote-is-layout-flow\">\n<p><em>&#8222;To, co nas chyba najbardziej wzruszy\u0142o, to ta dziewczyna, kt\u00f3ra powiedzia\u0142a 'diakuju&#8217; jako m\u0142oda Ukrainka, kt\u00f3ra chcia\u0142a tobie i mnie podzi\u0119kowa\u0107 za wsparcie dla Ukrainy&#8221;<\/em>.<\/p>\n<\/blockquote>\n\n\n\n<hr class=\"wp-block-separator has-alpha-channel-opacity\"\/>\n\n\n\n<h3 class=\"wp-block-heading\">\u26a1 Echa krajowej polityki<\/h3>\n\n\n\n<p>Presti\u017cowy szczyt nie uciek\u0142 jednak od kontekstu napi\u0119tej polityki krajowej. Czo\u0142owe portale (m.in. Fakt i WP) natychmiast wychwyci\u0142y brak udzia\u0142u prezydenta RP w tak wa\u017cnym wydarzeniu bilateralnym. Publicy\u015bci bez ogr\u00f3dek komentuj\u0105, \u017ce&nbsp;<strong>&#8222;pomini\u0119cie prezydenta to nie przypadek&#8221;<\/strong>, interpretuj\u0105c to jako celowy zabieg Kancelarii Premiera i kolejny dow\u00f3d na ostre spory w obszarze prowadzenia polityki zagranicznej.<\/p>\n\n\n\n<p>Pikanterii rozmowom dodawa\u0142 r\u00f3wnie\u017c kontekst europejski \u2013 dziennikarze dopytywali przyw\u00f3dc\u00f3w o W\u0119gry i now\u0105 sytuacj\u0119 po niedawnym zako\u0144czeniu 16-letnich rz\u0105d\u00f3w Viktora Orb\u00e1na.<\/p>\n","protected":false},"excerpt":{"rendered":"<p>Gda\u0144sk sta\u0142 si\u0119 centrum europejskiej dyplomacji. Z okazji Dnia Przyja\u017ani Polsko-Francuskiej odby\u0142 si\u0119 tu I Polsko-Francuski Szczyt Mi\u0119dzyrz\u0105dowy. Premier Donald Tusk oraz prezydent Francji Emmanuel Macron dyskutowali o architekturze obronnej, inwestycjach w energetyk\u0119 j\u0105drow\u0105 oraz nowym uk\u0142adzie si\u0142 politycznych w regionie.<\/p>\n","protected":false},"author":2,"featured_media":404,"comment_status":"open","ping_status":"open","sticky":false,"template":"","format":"standard","meta":{"footnotes":"","jetpack_publicize_message":"","jetpack_publicize_feature_enabled":true,"jetpack_social_post_already_shared":true,"jetpack_social_options":{"image_generator_settings":{"template":"highway","default_image_id":0,"font":"","enabled":false},"version":2}},"categories":[7,13],"tags":[79,92,91,53,80],"class_list":["post-402","post","type-post","status-publish","format-standard","has-post-thumbnail","hentry","category-polityka","category-wiadomosci","tag-donald-tusk","tag-elektrownie-atomowe-w-polsce","tag-macron","tag-nato","tag-unia-europejska"],"yoast_head":"<!-- This site is optimized with the Yoast SEO plugin v25.4 - https:\/\/yoast.com\/wordpress\/plugins\/seo\/ -->\n<title>Historyczny szczyt w Gda\u0144sku: Tusk i Macron o bezpiecze\u0144stwie, atomie i nowej erze w Europie - RZECZNIK POLSKI<\/title>\n<meta name=\"description\" content=\"Gda\u0144sk sta\u0142 si\u0119 centrum europejskiej dyplomacji. Z okazji Dnia Przyja\u017ani Polsko-Francuskiej odby\u0142 si\u0119 tu I Polsko-Francuski Szczyt Mi\u0119dzyrz\u0105dowy. Premier Donald Tusk oraz prezydent Francji Emmanuel Macron dyskutowali o architekturze obronnej, inwestycjach w energetyk\u0119 j\u0105drow\u0105 oraz nowym uk\u0142adzie si\u0142 politycznych w regionie.\" \/>\n<meta name=\"robots\" content=\"index, follow, max-snippet:-1, max-image-preview:large, max-video-preview:-1\" \/>\n<link rel=\"canonical\" href=\"https:\/\/rzecznikpolski.pl\/?p=402\" \/>\n<meta property=\"og:locale\" content=\"pl_PL\" \/>\n<meta property=\"og:type\" content=\"article\" \/>\n<meta property=\"og:title\" content=\"Historyczny szczyt w Gda\u0144sku: Tusk i Macron o bezpiecze\u0144stwie, atomie i nowej erze w Europie - RZECZNIK POLSKI\" \/>\n<meta property=\"og:description\" content=\"Gda\u0144sk sta\u0142 si\u0119 centrum europejskiej dyplomacji. Z okazji Dnia Przyja\u017ani Polsko-Francuskiej odby\u0142 si\u0119 tu I Polsko-Francuski Szczyt Mi\u0119dzyrz\u0105dowy. Premier Donald Tusk oraz prezydent Francji Emmanuel Macron dyskutowali o architekturze obronnej, inwestycjach w energetyk\u0119 j\u0105drow\u0105 oraz nowym uk\u0142adzie si\u0142 politycznych w regionie.\" \/>\n<meta property=\"og:url\" content=\"https:\/\/rzecznikpolski.pl\/?p=402\" \/>\n<meta property=\"og:site_name\" content=\"RZECZNIK POLSKI\" \/>\n<meta property=\"article:publisher\" content=\"https:\/\/www.facebook.com\/RzecznikPolski\/\" \/>\n<meta property=\"article:published_time\" content=\"2026-04-20T18:56:53+00:00\" \/>\n<meta property=\"article:modified_time\" content=\"2026-04-20T18:56:57+00:00\" \/>\n<meta property=\"og:image\" content=\"https:\/\/rzecznikpolski.pl\/wp-content\/uploads\/2026\/04\/mingo123-nuclear-power-plant-2854866_1920.jpg\" \/>\n\t<meta property=\"og:image:width\" content=\"1920\" \/>\n\t<meta property=\"og:image:height\" content=\"1440\" \/>\n\t<meta property=\"og:image:type\" content=\"image\/jpeg\" \/>\n<meta name=\"author\" content=\"RZECZNIK POLSKI\" \/>\n<meta name=\"twitter:card\" content=\"summary_large_image\" \/>\n<meta name=\"twitter:creator\" content=\"@RzecznikPolski\" \/>\n<meta name=\"twitter:site\" content=\"@RzecznikPolski\" \/>\n<meta name=\"twitter:label1\" content=\"Napisane przez\" \/>\n\t<meta name=\"twitter:data1\" content=\"RZECZNIK POLSKI\" \/>\n\t<meta name=\"twitter:label2\" content=\"Szacowany czas czytania\" \/>\n\t<meta name=\"twitter:data2\" content=\"3 minuty\" \/>\n<script type=\"application\/ld+json\" class=\"yoast-schema-graph\">{\"@context\":\"https:\/\/schema.org\",\"@graph\":[{\"@type\":\"Article\",\"@id\":\"https:\/\/rzecznikpolski.pl\/?p=402#article\",\"isPartOf\":{\"@id\":\"https:\/\/rzecznikpolski.pl\/?p=402\"},\"author\":{\"name\":\"RZECZNIK POLSKI\",\"@id\":\"https:\/\/rzecznikpolski.pl\/#\/schema\/person\/02984a7de150ad1a402b2846856cb54a\"},\"headline\":\"Historyczny szczyt w Gda\u0144sku: Tusk i Macron o bezpiecze\u0144stwie, atomie i nowej erze w Europie\",\"datePublished\":\"2026-04-20T18:56:53+00:00\",\"dateModified\":\"2026-04-20T18:56:57+00:00\",\"mainEntityOfPage\":{\"@id\":\"https:\/\/rzecznikpolski.pl\/?p=402\"},\"wordCount\":451,\"commentCount\":0,\"publisher\":{\"@id\":\"https:\/\/rzecznikpolski.pl\/#organization\"},\"image\":{\"@id\":\"https:\/\/rzecznikpolski.pl\/?p=402#primaryimage\"},\"thumbnailUrl\":\"https:\/\/rzecznikpolski.pl\/wp-content\/uploads\/2026\/04\/mingo123-nuclear-power-plant-2854866_1920.jpg\",\"keywords\":[\"Donald Tusk\",\"Elektrownie atomowe w polsce\",\"Macron\",\"NATO\",\"Unia Europejska\"],\"articleSection\":[\"POLITYKA\",\"WIADOMO\u015aCI\"],\"inLanguage\":\"pl-PL\",\"potentialAction\":[{\"@type\":\"CommentAction\",\"name\":\"Comment\",\"target\":[\"https:\/\/rzecznikpolski.pl\/?p=402#respond\"]}]},{\"@type\":\"WebPage\",\"@id\":\"https:\/\/rzecznikpolski.pl\/?p=402\",\"url\":\"https:\/\/rzecznikpolski.pl\/?p=402\",\"name\":\"Historyczny szczyt w Gda\u0144sku: Tusk i Macron o bezpiecze\u0144stwie, atomie i nowej erze w Europie - RZECZNIK POLSKI\",\"isPartOf\":{\"@id\":\"https:\/\/rzecznikpolski.pl\/#website\"},\"primaryImageOfPage\":{\"@id\":\"https:\/\/rzecznikpolski.pl\/?p=402#primaryimage\"},\"image\":{\"@id\":\"https:\/\/rzecznikpolski.pl\/?p=402#primaryimage\"},\"thumbnailUrl\":\"https:\/\/rzecznikpolski.pl\/wp-content\/uploads\/2026\/04\/mingo123-nuclear-power-plant-2854866_1920.jpg\",\"datePublished\":\"2026-04-20T18:56:53+00:00\",\"dateModified\":\"2026-04-20T18:56:57+00:00\",\"description\":\"Gda\u0144sk sta\u0142 si\u0119 centrum europejskiej dyplomacji. Z okazji Dnia Przyja\u017ani Polsko-Francuskiej odby\u0142 si\u0119 tu I Polsko-Francuski Szczyt Mi\u0119dzyrz\u0105dowy. Premier Donald Tusk oraz prezydent Francji Emmanuel Macron dyskutowali o architekturze obronnej, inwestycjach w energetyk\u0119 j\u0105drow\u0105 oraz nowym uk\u0142adzie si\u0142 politycznych w regionie.\",\"breadcrumb\":{\"@id\":\"https:\/\/rzecznikpolski.pl\/?p=402#breadcrumb\"},\"inLanguage\":\"pl-PL\",\"potentialAction\":[{\"@type\":\"ReadAction\",\"target\":[\"https:\/\/rzecznikpolski.pl\/?p=402\"]}]},{\"@type\":\"ImageObject\",\"inLanguage\":\"pl-PL\",\"@id\":\"https:\/\/rzecznikpolski.pl\/?p=402#primaryimage\",\"url\":\"https:\/\/rzecznikpolski.pl\/wp-content\/uploads\/2026\/04\/mingo123-nuclear-power-plant-2854866_1920.jpg\",\"contentUrl\":\"https:\/\/rzecznikpolski.pl\/wp-content\/uploads\/2026\/04\/mingo123-nuclear-power-plant-2854866_1920.jpg\",\"width\":1920,\"height\":1440},{\"@type\":\"BreadcrumbList\",\"@id\":\"https:\/\/rzecznikpolski.pl\/?p=402#breadcrumb\",\"itemListElement\":[{\"@type\":\"ListItem\",\"position\":1,\"name\":\"Home\",\"item\":\"https:\/\/rzecznikpolski.pl\/\"},{\"@type\":\"ListItem\",\"position\":2,\"name\":\"Historyczny szczyt w Gda\u0144sku: Tusk i Macron o bezpiecze\u0144stwie, atomie i nowej erze w Europie\"}]},{\"@type\":\"WebSite\",\"@id\":\"https:\/\/rzecznikpolski.pl\/#website\",\"url\":\"https:\/\/rzecznikpolski.pl\/\",\"name\":\"RZECZNIK POLSKI\",\"description\":\"Niezale\u017cne media\",\"publisher\":{\"@id\":\"https:\/\/rzecznikpolski.pl\/#organization\"},\"potentialAction\":[{\"@type\":\"SearchAction\",\"target\":{\"@type\":\"EntryPoint\",\"urlTemplate\":\"https:\/\/rzecznikpolski.pl\/?s={search_term_string}\"},\"query-input\":{\"@type\":\"PropertyValueSpecification\",\"valueRequired\":true,\"valueName\":\"search_term_string\"}}],\"inLanguage\":\"pl-PL\"},{\"@type\":\"Organization\",\"@id\":\"https:\/\/rzecznikpolski.pl\/#organization\",\"name\":\"RZECZNIK POLSKI\",\"url\":\"https:\/\/rzecznikpolski.pl\/\",\"logo\":{\"@type\":\"ImageObject\",\"inLanguage\":\"pl-PL\",\"@id\":\"https:\/\/rzecznikpolski.pl\/#\/schema\/logo\/image\/\",\"url\":\"https:\/\/rzecznikpolski.pl\/wp-content\/uploads\/2026\/02\/logo3.png\",\"contentUrl\":\"https:\/\/rzecznikpolski.pl\/wp-content\/uploads\/2026\/02\/logo3.png\",\"width\":256,\"height\":256,\"caption\":\"RZECZNIK POLSKI\"},\"image\":{\"@id\":\"https:\/\/rzecznikpolski.pl\/#\/schema\/logo\/image\/\"},\"sameAs\":[\"https:\/\/www.facebook.com\/RzecznikPolski\/\",\"https:\/\/x.com\/RzecznikPolski\"]},{\"@type\":\"Person\",\"@id\":\"https:\/\/rzecznikpolski.pl\/#\/schema\/person\/02984a7de150ad1a402b2846856cb54a\",\"name\":\"RZECZNIK POLSKI\",\"image\":{\"@type\":\"ImageObject\",\"inLanguage\":\"pl-PL\",\"@id\":\"https:\/\/rzecznikpolski.pl\/#\/schema\/person\/image\/\",\"url\":\"https:\/\/secure.gravatar.com\/avatar\/81951bfa24c6705fbee074610a503b4b6dd81395fbdd8707072af09447c0f0a3?s=96&d=mm&r=g\",\"contentUrl\":\"https:\/\/secure.gravatar.com\/avatar\/81951bfa24c6705fbee074610a503b4b6dd81395fbdd8707072af09447c0f0a3?s=96&d=mm&r=g\",\"caption\":\"RZECZNIK POLSKI\"},\"description\":\"Redaktor Naczelny Rzecznika Polskiego.\",\"sameAs\":[\"http:\/\/rzecznikpolski.pl\"],\"url\":\"https:\/\/rzecznikpolski.pl\/?author=2\"}]}<\/script>\n<!-- \/ Yoast SEO plugin. -->","yoast_head_json":{"title":"Historyczny szczyt w Gda\u0144sku: Tusk i Macron o bezpiecze\u0144stwie, atomie i nowej erze w Europie - RZECZNIK POLSKI","description":"Gda\u0144sk sta\u0142 si\u0119 centrum europejskiej dyplomacji. Z okazji Dnia Przyja\u017ani Polsko-Francuskiej odby\u0142 si\u0119 tu I Polsko-Francuski Szczyt Mi\u0119dzyrz\u0105dowy. Premier Donald Tusk oraz prezydent Francji Emmanuel Macron dyskutowali o architekturze obronnej, inwestycjach w energetyk\u0119 j\u0105drow\u0105 oraz nowym uk\u0142adzie si\u0142 politycznych w regionie.","robots":{"index":"index","follow":"follow","max-snippet":"max-snippet:-1","max-image-preview":"max-image-preview:large","max-video-preview":"max-video-preview:-1"},"canonical":"https:\/\/rzecznikpolski.pl\/?p=402","og_locale":"pl_PL","og_type":"article","og_title":"Historyczny szczyt w Gda\u0144sku: Tusk i Macron o bezpiecze\u0144stwie, atomie i nowej erze w Europie - RZECZNIK POLSKI","og_description":"Gda\u0144sk sta\u0142 si\u0119 centrum europejskiej dyplomacji. Z okazji Dnia Przyja\u017ani Polsko-Francuskiej odby\u0142 si\u0119 tu I Polsko-Francuski Szczyt Mi\u0119dzyrz\u0105dowy. Premier Donald Tusk oraz prezydent Francji Emmanuel Macron dyskutowali o architekturze obronnej, inwestycjach w energetyk\u0119 j\u0105drow\u0105 oraz nowym uk\u0142adzie si\u0142 politycznych w regionie.","og_url":"https:\/\/rzecznikpolski.pl\/?p=402","og_site_name":"RZECZNIK POLSKI","article_publisher":"https:\/\/www.facebook.com\/RzecznikPolski\/","article_published_time":"2026-04-20T18:56:53+00:00","article_modified_time":"2026-04-20T18:56:57+00:00","og_image":[{"width":1920,"height":1440,"url":"https:\/\/rzecznikpolski.pl\/wp-content\/uploads\/2026\/04\/mingo123-nuclear-power-plant-2854866_1920.jpg","type":"image\/jpeg"}],"author":"RZECZNIK POLSKI","twitter_card":"summary_large_image","twitter_creator":"@RzecznikPolski","twitter_site":"@RzecznikPolski","twitter_misc":{"Napisane przez":"RZECZNIK POLSKI","Szacowany czas czytania":"3 minuty"},"schema":{"@context":"https:\/\/schema.org","@graph":[{"@type":"Article","@id":"https:\/\/rzecznikpolski.pl\/?p=402#article","isPartOf":{"@id":"https:\/\/rzecznikpolski.pl\/?p=402"},"author":{"name":"RZECZNIK POLSKI","@id":"https:\/\/rzecznikpolski.pl\/#\/schema\/person\/02984a7de150ad1a402b2846856cb54a"},"headline":"Historyczny szczyt w Gda\u0144sku: Tusk i Macron o bezpiecze\u0144stwie, atomie i nowej erze w Europie","datePublished":"2026-04-20T18:56:53+00:00","dateModified":"2026-04-20T18:56:57+00:00","mainEntityOfPage":{"@id":"https:\/\/rzecznikpolski.pl\/?p=402"},"wordCount":451,"commentCount":0,"publisher":{"@id":"https:\/\/rzecznikpolski.pl\/#organization"},"image":{"@id":"https:\/\/rzecznikpolski.pl\/?p=402#primaryimage"},"thumbnailUrl":"https:\/\/rzecznikpolski.pl\/wp-content\/uploads\/2026\/04\/mingo123-nuclear-power-plant-2854866_1920.jpg","keywords":["Donald Tusk","Elektrownie atomowe w polsce","Macron","NATO","Unia Europejska"],"articleSection":["POLITYKA","WIADOMO\u015aCI"],"inLanguage":"pl-PL","potentialAction":[{"@type":"CommentAction","name":"Comment","target":["https:\/\/rzecznikpolski.pl\/?p=402#respond"]}]},{"@type":"WebPage","@id":"https:\/\/rzecznikpolski.pl\/?p=402","url":"https:\/\/rzecznikpolski.pl\/?p=402","name":"Historyczny szczyt w Gda\u0144sku: Tusk i Macron o bezpiecze\u0144stwie, atomie i nowej erze w Europie - RZECZNIK POLSKI","isPartOf":{"@id":"https:\/\/rzecznikpolski.pl\/#website"},"primaryImageOfPage":{"@id":"https:\/\/rzecznikpolski.pl\/?p=402#primaryimage"},"image":{"@id":"https:\/\/rzecznikpolski.pl\/?p=402#primaryimage"},"thumbnailUrl":"https:\/\/rzecznikpolski.pl\/wp-content\/uploads\/2026\/04\/mingo123-nuclear-power-plant-2854866_1920.jpg","datePublished":"2026-04-20T18:56:53+00:00","dateModified":"2026-04-20T18:56:57+00:00","description":"Gda\u0144sk sta\u0142 si\u0119 centrum europejskiej dyplomacji. Z okazji Dnia Przyja\u017ani Polsko-Francuskiej odby\u0142 si\u0119 tu I Polsko-Francuski Szczyt Mi\u0119dzyrz\u0105dowy. Premier Donald Tusk oraz prezydent Francji Emmanuel Macron dyskutowali o architekturze obronnej, inwestycjach w energetyk\u0119 j\u0105drow\u0105 oraz nowym uk\u0142adzie si\u0142 politycznych w regionie.","breadcrumb":{"@id":"https:\/\/rzecznikpolski.pl\/?p=402#breadcrumb"},"inLanguage":"pl-PL","potentialAction":[{"@type":"ReadAction","target":["https:\/\/rzecznikpolski.pl\/?p=402"]}]},{"@type":"ImageObject","inLanguage":"pl-PL","@id":"https:\/\/rzecznikpolski.pl\/?p=402#primaryimage","url":"https:\/\/rzecznikpolski.pl\/wp-content\/uploads\/2026\/04\/mingo123-nuclear-power-plant-2854866_1920.jpg","contentUrl":"https:\/\/rzecznikpolski.pl\/wp-content\/uploads\/2026\/04\/mingo123-nuclear-power-plant-2854866_1920.jpg","width":1920,"height":1440},{"@type":"BreadcrumbList","@id":"https:\/\/rzecznikpolski.pl\/?p=402#breadcrumb","itemListElement":[{"@type":"ListItem","position":1,"name":"Home","item":"https:\/\/rzecznikpolski.pl\/"},{"@type":"ListItem","position":2,"name":"Historyczny szczyt w Gda\u0144sku: Tusk i Macron o bezpiecze\u0144stwie, atomie i nowej erze w Europie"}]},{"@type":"WebSite","@id":"https:\/\/rzecznikpolski.pl\/#website","url":"https:\/\/rzecznikpolski.pl\/","name":"RZECZNIK POLSKI","description":"Niezale\u017cne media","publisher":{"@id":"https:\/\/rzecznikpolski.pl\/#organization"},"potentialAction":[{"@type":"SearchAction","target":{"@type":"EntryPoint","urlTemplate":"https:\/\/rzecznikpolski.pl\/?s={search_term_string}"},"query-input":{"@type":"PropertyValueSpecification","valueRequired":true,"valueName":"search_term_string"}}],"inLanguage":"pl-PL"},{"@type":"Organization","@id":"https:\/\/rzecznikpolski.pl\/#organization","name":"RZECZNIK POLSKI","url":"https:\/\/rzecznikpolski.pl\/","logo":{"@type":"ImageObject","inLanguage":"pl-PL","@id":"https:\/\/rzecznikpolski.pl\/#\/schema\/logo\/image\/","url":"https:\/\/rzecznikpolski.pl\/wp-content\/uploads\/2026\/02\/logo3.png","contentUrl":"https:\/\/rzecznikpolski.pl\/wp-content\/uploads\/2026\/02\/logo3.png","width":256,"height":256,"caption":"RZECZNIK POLSKI"},"image":{"@id":"https:\/\/rzecznikpolski.pl\/#\/schema\/logo\/image\/"},"sameAs":["https:\/\/www.facebook.com\/RzecznikPolski\/","https:\/\/x.com\/RzecznikPolski"]},{"@type":"Person","@id":"https:\/\/rzecznikpolski.pl\/#\/schema\/person\/02984a7de150ad1a402b2846856cb54a","name":"RZECZNIK POLSKI","image":{"@type":"ImageObject","inLanguage":"pl-PL","@id":"https:\/\/rzecznikpolski.pl\/#\/schema\/person\/image\/","url":"https:\/\/secure.gravatar.com\/avatar\/81951bfa24c6705fbee074610a503b4b6dd81395fbdd8707072af09447c0f0a3?s=96&d=mm&r=g","contentUrl":"https:\/\/secure.gravatar.com\/avatar\/81951bfa24c6705fbee074610a503b4b6dd81395fbdd8707072af09447c0f0a3?s=96&d=mm&r=g","caption":"RZECZNIK POLSKI"},"description":"Redaktor Naczelny Rzecznika Polskiego.","sameAs":["http:\/\/rzecznikpolski.pl"],"url":"https:\/\/rzecznikpolski.pl\/?author=2"}]}},"jetpack_publicize_connections":[],"_links":{"self":[{"href":"https:\/\/rzecznikpolski.pl\/index.php?rest_route=\/wp\/v2\/posts\/402","targetHints":{"allow":["GET"]}}],"collection":[{"href":"https:\/\/rzecznikpolski.pl\/index.php?rest_route=\/wp\/v2\/posts"}],"about":[{"href":"https:\/\/rzecznikpolski.pl\/index.php?rest_route=\/wp\/v2\/types\/post"}],"author":[{"embeddable":true,"href":"https:\/\/rzecznikpolski.pl\/index.php?rest_route=\/wp\/v2\/users\/2"}],"replies":[{"embeddable":true,"href":"https:\/\/rzecznikpolski.pl\/index.php?rest_route=%2Fwp%2Fv2%2Fcomments&post=402"}],"version-history":[{"count":2,"href":"https:\/\/rzecznikpolski.pl\/index.php?rest_route=\/wp\/v2\/posts\/402\/revisions"}],"predecessor-version":[{"id":405,"href":"https:\/\/rzecznikpolski.pl\/index.php?rest_route=\/wp\/v2\/posts\/402\/revisions\/405"}],"wp:featuredmedia":[{"embeddable":true,"href":"https:\/\/rzecznikpolski.pl\/index.php?rest_route=\/wp\/v2\/media\/404"}],"wp:attachment":[{"href":"https:\/\/rzecznikpolski.pl\/index.php?rest_route=%2Fwp%2Fv2%2Fmedia&parent=402"}],"wp:term":[{"taxonomy":"category","embeddable":true,"href":"https:\/\/rzecznikpolski.pl\/index.php?rest_route=%2Fwp%2Fv2%2Fcategories&post=402"},{"taxonomy":"post_tag","embeddable":true,"href":"https:\/\/rzecznikpolski.pl\/index.php?rest_route=%2Fwp%2Fv2%2Ftags&post=402"}],"curies":[{"name":"wp","href":"https:\/\/api.w.org\/{rel}","templated":true}]}}